{"id":303,"date":"2026-08-02T08:30:30","date_gmt":"2026-08-02T06:30:30","guid":{"rendered":"https:\/\/budisiguran.com.hr\/?p=303"},"modified":"2026-09-01T09:30:47","modified_gmt":"2026-09-01T07:30:47","slug":"vrijedi-li-osiguranje-ucenika-i-za-vrijeme-ljetnih-praznika","status":"publish","type":"post","link":"https:\/\/budisiguran.com.hr\/index.php\/2026\/08\/02\/vrijedi-li-osiguranje-ucenika-i-za-vrijeme-ljetnih-praznika\/","title":{"rendered":"Vrijedi li osiguranje u\u010denika i za vrijeme ljetnih praznika?"},"content":{"rendered":"<p><em>Dijete je slomilo ruku igrom u parku u 6. mjesecu, ali izvan \u0161kolske godine. Zavr\u0161ilo je sa no\u0161enjem gipsa, rehabilitacijom, fizikalnom terapijom. Mo\u017ee li se prijaviti \u0161teta osiguranju od nezgode koje ima ugovoreno preko \u0161kole ?\u00a0<\/em><\/p>\n<p>&nbsp;<\/p>\n<p>Da. Sve police osiguranja od nezgode za djecu u vrti\u0107u, \u0161kolama, pa \u010dak i fakultetima koji ugovore, traje 24 sata dnevno i na godinu dana. Tako da nemate brige dogodi li se doga\u0111aj za vrijeme nastave, igre u parku, treninga, pa \u010dak i vrijedi kad se doga\u0111aj dogodio van Hrvatske.<\/p>\n<p>Za prijavu \u0161tete je potrebno prikupiti sve lije\u010dni\u010dke nalaze, povijest bolesti i otpusno pismo. Tek kad imate napismeno da je lije\u010denje gotovo, mo\u017ee se obraditi \u0161teta.<\/p>\n<p>foto: Unsplash<\/p>\n","protected":false},"excerpt":{"rendered":"<p>Dijete je slomilo ruku igrom u parku u 6. mjesecu, ali izvan \u0161kolske godine. Zavr\u0161ilo je sa no\u0161enjem gipsa, rehabilitacijom, fizikalnom terapijom. Mo\u017ee li se prijaviti \u0161teta osiguranju od nezgode koje ima ugovoreno preko \u0161kole ?\u00a0 &nbsp; Da. Sve police osiguranja od nezgode za djecu u vrti\u0107u, \u0161kolama, pa \u010dak i fakultetima koji ugovore, traje [&hellip;]<\/p>\n","protected":false},"author":1,"featured_media":304,"comment_status":"open","ping_status":"open","sticky":false,"template":"","format":"standard","meta":{"footnotes":""},"categories":[10],"tags":[34,35],"class_list":["post-303","post","type-post","status-publish","format-standard","has-post-thumbnail","hentry","category-osiguranje-od-nezgode","tag-osiguranje-djece","tag-osiguranje-djece-od-nezgode"],"yoast_head":"<!-- This site is optimized with the Yoast SEO plugin v25.2 - https:\/\/yoast.com\/wordpress\/plugins\/seo\/ -->\n<title>Vrijedi li osiguranje u\u010denika i za vrijeme ljetnih praznika? - BudiSiguran<\/title>\n<meta name=\"robots\" content=\"index, follow, max-snippet:-1, max-image-preview:large, max-video-preview:-1\" \/>\n<link rel=\"canonical\" href=\"https:\/\/budisiguran.com.hr\/index.php\/2026\/08\/02\/vrijedi-li-osiguranje-ucenika-i-za-vrijeme-ljetnih-praznika\/\" \/>\n<meta property=\"og:locale\" content=\"hr_HR\" \/>\n<meta property=\"og:type\" content=\"article\" \/>\n<meta property=\"og:title\" content=\"Vrijedi li osiguranje u\u010denika i za vrijeme ljetnih praznika? - BudiSiguran\" \/>\n<meta property=\"og:description\" content=\"Dijete je slomilo ruku igrom u parku u 6. mjesecu, ali izvan \u0161kolske godine. Zavr\u0161ilo je sa no\u0161enjem gipsa, rehabilitacijom, fizikalnom terapijom. Mo\u017ee li se prijaviti \u0161teta osiguranju od nezgode koje ima ugovoreno preko \u0161kole ?\u00a0 &nbsp; Da. Sve police osiguranja od nezgode za djecu u vrti\u0107u, \u0161kolama, pa \u010dak i fakultetima koji ugovore, traje [&hellip;]\" \/>\n<meta property=\"og:url\" content=\"https:\/\/budisiguran.com.hr\/index.php\/2026\/08\/02\/vrijedi-li-osiguranje-ucenika-i-za-vrijeme-ljetnih-praznika\/\" \/>\n<meta property=\"og:site_name\" content=\"BudiSiguran\" \/>\n<meta property=\"article:published_time\" content=\"2026-08-02T06:30:30+00:00\" \/>\n<meta property=\"article:modified_time\" content=\"2026-09-01T07:30:47+00:00\" \/>\n<meta property=\"og:image\" content=\"https:\/\/budisiguran.com.hr\/wp-content\/uploads\/2026\/09\/900-x-600-prijava-stete-od-nezgode-.jpg\" \/>\n\t<meta property=\"og:image:width\" content=\"900\" \/>\n\t<meta property=\"og:image:height\" content=\"600\" \/>\n\t<meta property=\"og:image:type\" content=\"image\/jpeg\" \/>\n<meta name=\"author\" content=\"BudiSiguran blog\" \/>\n<meta name=\"twitter:card\" content=\"summary_large_image\" \/>\n<meta name=\"twitter:label1\" content=\"Napisao\/la\" \/>\n\t<meta name=\"twitter:data1\" content=\"BudiSiguran blog\" \/>\n\t<meta name=\"twitter:label2\" content=\"Procijenjeno vrijeme \u010ditanja\" \/>\n\t<meta name=\"twitter:data2\" content=\"1 minuta\" \/>\n<script type=\"application\/ld+json\" class=\"yoast-schema-graph\">{\"@context\":\"https:\/\/schema.org\",\"@graph\":[{\"@type\":\"Article\",\"@id\":\"https:\/\/budisiguran.com.hr\/index.php\/2026\/08\/02\/vrijedi-li-osiguranje-ucenika-i-za-vrijeme-ljetnih-praznika\/#article\",\"isPartOf\":{\"@id\":\"https:\/\/budisiguran.com.hr\/index.php\/2026\/08\/02\/vrijedi-li-osiguranje-ucenika-i-za-vrijeme-ljetnih-praznika\/\"},\"author\":{\"name\":\"BudiSiguran blog\",\"@id\":\"https:\/\/budisiguran.com.hr\/#\/schema\/person\/ab996bd55afa099c55e33710f30d5fc7\"},\"headline\":\"Vrijedi li osiguranje u\u010denika i za vrijeme ljetnih praznika?\",\"datePublished\":\"2026-08-02T06:30:30+00:00\",\"dateModified\":\"2026-09-01T07:30:47+00:00\",\"mainEntityOfPage\":{\"@id\":\"https:\/\/budisiguran.com.hr\/index.php\/2026\/08\/02\/vrijedi-li-osiguranje-ucenika-i-za-vrijeme-ljetnih-praznika\/\"},\"wordCount\":132,\"commentCount\":0,\"publisher\":{\"@id\":\"https:\/\/budisiguran.com.hr\/#organization\"},\"image\":{\"@id\":\"https:\/\/budisiguran.com.hr\/index.php\/2026\/08\/02\/vrijedi-li-osiguranje-ucenika-i-za-vrijeme-ljetnih-praznika\/#primaryimage\"},\"thumbnailUrl\":\"https:\/\/budisiguran.com.hr\/wp-content\/uploads\/2026\/09\/900-x-600-prijava-stete-od-nezgode-.jpg\",\"keywords\":[\"osiguranje djece\",\"osiguranje djece od nezgode\"],\"articleSection\":[\"osiguranje od nezgode\"],\"inLanguage\":\"hr\",\"potentialAction\":[{\"@type\":\"CommentAction\",\"name\":\"Comment\",\"target\":[\"https:\/\/budisiguran.com.hr\/index.php\/2026\/08\/02\/vrijedi-li-osiguranje-ucenika-i-za-vrijeme-ljetnih-praznika\/#respond\"]}]},{\"@type\":\"WebPage\",\"@id\":\"https:\/\/budisiguran.com.hr\/index.php\/2026\/08\/02\/vrijedi-li-osiguranje-ucenika-i-za-vrijeme-ljetnih-praznika\/\",\"url\":\"https:\/\/budisiguran.com.hr\/index.php\/2026\/08\/02\/vrijedi-li-osiguranje-ucenika-i-za-vrijeme-ljetnih-praznika\/\",\"name\":\"Vrijedi li osiguranje u\u010denika i za vrijeme ljetnih praznika? - BudiSiguran\",\"isPartOf\":{\"@id\":\"https:\/\/budisiguran.com.hr\/#website\"},\"primaryImageOfPage\":{\"@id\":\"https:\/\/budisiguran.com.hr\/index.php\/2026\/08\/02\/vrijedi-li-osiguranje-ucenika-i-za-vrijeme-ljetnih-praznika\/#primaryimage\"},\"image\":{\"@id\":\"https:\/\/budisiguran.com.hr\/index.php\/2026\/08\/02\/vrijedi-li-osiguranje-ucenika-i-za-vrijeme-ljetnih-praznika\/#primaryimage\"},\"thumbnailUrl\":\"https:\/\/budisiguran.com.hr\/wp-content\/uploads\/2026\/09\/900-x-600-prijava-stete-od-nezgode-.jpg\",\"datePublished\":\"2026-08-02T06:30:30+00:00\",\"dateModified\":\"2026-09-01T07:30:47+00:00\",\"breadcrumb\":{\"@id\":\"https:\/\/budisiguran.com.hr\/index.php\/2026\/08\/02\/vrijedi-li-osiguranje-ucenika-i-za-vrijeme-ljetnih-praznika\/#breadcrumb\"},\"inLanguage\":\"hr\",\"potentialAction\":[{\"@type\":\"ReadAction\",\"target\":[\"https:\/\/budisiguran.com.hr\/index.php\/2026\/08\/02\/vrijedi-li-osiguranje-ucenika-i-za-vrijeme-ljetnih-praznika\/\"]}]},{\"@type\":\"ImageObject\",\"inLanguage\":\"hr\",\"@id\":\"https:\/\/budisiguran.com.hr\/index.php\/2026\/08\/02\/vrijedi-li-osiguranje-ucenika-i-za-vrijeme-ljetnih-praznika\/#primaryimage\",\"url\":\"https:\/\/budisiguran.com.hr\/wp-content\/uploads\/2026\/09\/900-x-600-prijava-stete-od-nezgode-.jpg\",\"contentUrl\":\"https:\/\/budisiguran.com.hr\/wp-content\/uploads\/2026\/09\/900-x-600-prijava-stete-od-nezgode-.jpg\",\"width\":900,\"height\":600},{\"@type\":\"BreadcrumbList\",\"@id\":\"https:\/\/budisiguran.com.hr\/index.php\/2026\/08\/02\/vrijedi-li-osiguranje-ucenika-i-za-vrijeme-ljetnih-praznika\/#breadcrumb\",\"itemListElement\":[{\"@type\":\"ListItem\",\"position\":1,\"name\":\"Home\",\"item\":\"https:\/\/budisiguran.com.hr\/\"},{\"@type\":\"ListItem\",\"position\":2,\"name\":\"Vrijedi li osiguranje u\u010denika i za vrijeme ljetnih praznika?\"}]},{\"@type\":\"WebSite\",\"@id\":\"https:\/\/budisiguran.com.hr\/#website\",\"url\":\"https:\/\/budisiguran.com.hr\/\",\"name\":\"BudiSiguran\",\"description\":\"HR blog osiguranje\",\"publisher\":{\"@id\":\"https:\/\/budisiguran.com.hr\/#organization\"},\"potentialAction\":[{\"@type\":\"SearchAction\",\"target\":{\"@type\":\"EntryPoint\",\"urlTemplate\":\"https:\/\/budisiguran.com.hr\/?s={search_term_string}\"},\"query-input\":{\"@type\":\"PropertyValueSpecification\",\"valueRequired\":true,\"valueName\":\"search_term_string\"}}],\"inLanguage\":\"hr\"},{\"@type\":\"Organization\",\"@id\":\"https:\/\/budisiguran.com.hr\/#organization\",\"name\":\"BudiSiguran\",\"url\":\"https:\/\/budisiguran.com.hr\/\",\"logo\":{\"@type\":\"ImageObject\",\"inLanguage\":\"hr\",\"@id\":\"https:\/\/budisiguran.com.hr\/#\/schema\/logo\/image\/\",\"url\":\"https:\/\/budisiguran.com.hr\/wp-content\/uploads\/2025\/06\/cropped-512-x-512-budi-siguran-1.jpg\",\"contentUrl\":\"https:\/\/budisiguran.com.hr\/wp-content\/uploads\/2025\/06\/cropped-512-x-512-budi-siguran-1.jpg\",\"width\":464,\"height\":99,\"caption\":\"BudiSiguran\"},\"image\":{\"@id\":\"https:\/\/budisiguran.com.hr\/#\/schema\/logo\/image\/\"}},{\"@type\":\"Person\",\"@id\":\"https:\/\/budisiguran.com.hr\/#\/schema\/person\/ab996bd55afa099c55e33710f30d5fc7\",\"name\":\"BudiSiguran blog\",\"image\":{\"@type\":\"ImageObject\",\"inLanguage\":\"hr\",\"@id\":\"https:\/\/budisiguran.com.hr\/#\/schema\/person\/image\/\",\"url\":\"https:\/\/secure.gravatar.com\/avatar\/c6e02b3abd4a8f0a75e24c86ecaabcdaa2d7592fa3acf02fe8ec23363f802771?s=96&d=mm&r=g\",\"contentUrl\":\"https:\/\/secure.gravatar.com\/avatar\/c6e02b3abd4a8f0a75e24c86ecaabcdaa2d7592fa3acf02fe8ec23363f802771?s=96&d=mm&r=g\",\"caption\":\"BudiSiguran blog\"},\"sameAs\":[\"https:\/\/budisiguran.com.hr\"],\"url\":\"https:\/\/budisiguran.com.hr\/index.php\/author\/budisigu\/\"}]}<\/script>\n<!-- \/ Yoast SEO plugin. -->","yoast_head_json":{"title":"Vrijedi li osiguranje u\u010denika i za vrijeme ljetnih praznika? - BudiSiguran","robots":{"index":"index","follow":"follow","max-snippet":"max-snippet:-1","max-image-preview":"max-image-preview:large","max-video-preview":"max-video-preview:-1"},"canonical":"https:\/\/budisiguran.com.hr\/index.php\/2026\/08\/02\/vrijedi-li-osiguranje-ucenika-i-za-vrijeme-ljetnih-praznika\/","og_locale":"hr_HR","og_type":"article","og_title":"Vrijedi li osiguranje u\u010denika i za vrijeme ljetnih praznika? - BudiSiguran","og_description":"Dijete je slomilo ruku igrom u parku u 6. mjesecu, ali izvan \u0161kolske godine. Zavr\u0161ilo je sa no\u0161enjem gipsa, rehabilitacijom, fizikalnom terapijom. Mo\u017ee li se prijaviti \u0161teta osiguranju od nezgode koje ima ugovoreno preko \u0161kole ?\u00a0 &nbsp; Da. Sve police osiguranja od nezgode za djecu u vrti\u0107u, \u0161kolama, pa \u010dak i fakultetima koji ugovore, traje [&hellip;]","og_url":"https:\/\/budisiguran.com.hr\/index.php\/2026\/08\/02\/vrijedi-li-osiguranje-ucenika-i-za-vrijeme-ljetnih-praznika\/","og_site_name":"BudiSiguran","article_published_time":"2026-08-02T06:30:30+00:00","article_modified_time":"2026-09-01T07:30:47+00:00","og_image":[{"width":900,"height":600,"url":"https:\/\/budisiguran.com.hr\/wp-content\/uploads\/2026\/09\/900-x-600-prijava-stete-od-nezgode-.jpg","type":"image\/jpeg"}],"author":"BudiSiguran blog","twitter_card":"summary_large_image","twitter_misc":{"Napisao\/la":"BudiSiguran blog","Procijenjeno vrijeme \u010ditanja":"1 minuta"},"schema":{"@context":"https:\/\/schema.org","@graph":[{"@type":"Article","@id":"https:\/\/budisiguran.com.hr\/index.php\/2026\/08\/02\/vrijedi-li-osiguranje-ucenika-i-za-vrijeme-ljetnih-praznika\/#article","isPartOf":{"@id":"https:\/\/budisiguran.com.hr\/index.php\/2026\/08\/02\/vrijedi-li-osiguranje-ucenika-i-za-vrijeme-ljetnih-praznika\/"},"author":{"name":"BudiSiguran blog","@id":"https:\/\/budisiguran.com.hr\/#\/schema\/person\/ab996bd55afa099c55e33710f30d5fc7"},"headline":"Vrijedi li osiguranje u\u010denika i za vrijeme ljetnih praznika?","datePublished":"2026-08-02T06:30:30+00:00","dateModified":"2026-09-01T07:30:47+00:00","mainEntityOfPage":{"@id":"https:\/\/budisiguran.com.hr\/index.php\/2026\/08\/02\/vrijedi-li-osiguranje-ucenika-i-za-vrijeme-ljetnih-praznika\/"},"wordCount":132,"commentCount":0,"publisher":{"@id":"https:\/\/budisiguran.com.hr\/#organization"},"image":{"@id":"https:\/\/budisiguran.com.hr\/index.php\/2026\/08\/02\/vrijedi-li-osiguranje-ucenika-i-za-vrijeme-ljetnih-praznika\/#primaryimage"},"thumbnailUrl":"https:\/\/budisiguran.com.hr\/wp-content\/uploads\/2026\/09\/900-x-600-prijava-stete-od-nezgode-.jpg","keywords":["osiguranje djece","osiguranje djece od nezgode"],"articleSection":["osiguranje od nezgode"],"inLanguage":"hr","potentialAction":[{"@type":"CommentAction","name":"Comment","target":["https:\/\/budisiguran.com.hr\/index.php\/2026\/08\/02\/vrijedi-li-osiguranje-ucenika-i-za-vrijeme-ljetnih-praznika\/#respond"]}]},{"@type":"WebPage","@id":"https:\/\/budisiguran.com.hr\/index.php\/2026\/08\/02\/vrijedi-li-osiguranje-ucenika-i-za-vrijeme-ljetnih-praznika\/","url":"https:\/\/budisiguran.com.hr\/index.php\/2026\/08\/02\/vrijedi-li-osiguranje-ucenika-i-za-vrijeme-ljetnih-praznika\/","name":"Vrijedi li osiguranje u\u010denika i za vrijeme ljetnih praznika? - BudiSiguran","isPartOf":{"@id":"https:\/\/budisiguran.com.hr\/#website"},"primaryImageOfPage":{"@id":"https:\/\/budisiguran.com.hr\/index.php\/2026\/08\/02\/vrijedi-li-osiguranje-ucenika-i-za-vrijeme-ljetnih-praznika\/#primaryimage"},"image":{"@id":"https:\/\/budisiguran.com.hr\/index.php\/2026\/08\/02\/vrijedi-li-osiguranje-ucenika-i-za-vrijeme-ljetnih-praznika\/#primaryimage"},"thumbnailUrl":"https:\/\/budisiguran.com.hr\/wp-content\/uploads\/2026\/09\/900-x-600-prijava-stete-od-nezgode-.jpg","datePublished":"2026-08-02T06:30:30+00:00","dateModified":"2026-09-01T07:30:47+00:00","breadcrumb":{"@id":"https:\/\/budisiguran.com.hr\/index.php\/2026\/08\/02\/vrijedi-li-osiguranje-ucenika-i-za-vrijeme-ljetnih-praznika\/#breadcrumb"},"inLanguage":"hr","potentialAction":[{"@type":"ReadAction","target":["https:\/\/budisiguran.com.hr\/index.php\/2026\/08\/02\/vrijedi-li-osiguranje-ucenika-i-za-vrijeme-ljetnih-praznika\/"]}]},{"@type":"ImageObject","inLanguage":"hr","@id":"https:\/\/budisiguran.com.hr\/index.php\/2026\/08\/02\/vrijedi-li-osiguranje-ucenika-i-za-vrijeme-ljetnih-praznika\/#primaryimage","url":"https:\/\/budisiguran.com.hr\/wp-content\/uploads\/2026\/09\/900-x-600-prijava-stete-od-nezgode-.jpg","contentUrl":"https:\/\/budisiguran.com.hr\/wp-content\/uploads\/2026\/09\/900-x-600-prijava-stete-od-nezgode-.jpg","width":900,"height":600},{"@type":"BreadcrumbList","@id":"https:\/\/budisiguran.com.hr\/index.php\/2026\/08\/02\/vrijedi-li-osiguranje-ucenika-i-za-vrijeme-ljetnih-praznika\/#breadcrumb","itemListElement":[{"@type":"ListItem","position":1,"name":"Home","item":"https:\/\/budisiguran.com.hr\/"},{"@type":"ListItem","position":2,"name":"Vrijedi li osiguranje u\u010denika i za vrijeme ljetnih praznika?"}]},{"@type":"WebSite","@id":"https:\/\/budisiguran.com.hr\/#website","url":"https:\/\/budisiguran.com.hr\/","name":"BudiSiguran","description":"HR blog osiguranje","publisher":{"@id":"https:\/\/budisiguran.com.hr\/#organization"},"potentialAction":[{"@type":"SearchAction","target":{"@type":"EntryPoint","urlTemplate":"https:\/\/budisiguran.com.hr\/?s={search_term_string}"},"query-input":{"@type":"PropertyValueSpecification","valueRequired":true,"valueName":"search_term_string"}}],"inLanguage":"hr"},{"@type":"Organization","@id":"https:\/\/budisiguran.com.hr\/#organization","name":"BudiSiguran","url":"https:\/\/budisiguran.com.hr\/","logo":{"@type":"ImageObject","inLanguage":"hr","@id":"https:\/\/budisiguran.com.hr\/#\/schema\/logo\/image\/","url":"https:\/\/budisiguran.com.hr\/wp-content\/uploads\/2025\/06\/cropped-512-x-512-budi-siguran-1.jpg","contentUrl":"https:\/\/budisiguran.com.hr\/wp-content\/uploads\/2025\/06\/cropped-512-x-512-budi-siguran-1.jpg","width":464,"height":99,"caption":"BudiSiguran"},"image":{"@id":"https:\/\/budisiguran.com.hr\/#\/schema\/logo\/image\/"}},{"@type":"Person","@id":"https:\/\/budisiguran.com.hr\/#\/schema\/person\/ab996bd55afa099c55e33710f30d5fc7","name":"BudiSiguran blog","image":{"@type":"ImageObject","inLanguage":"hr","@id":"https:\/\/budisiguran.com.hr\/#\/schema\/person\/image\/","url":"https:\/\/secure.gravatar.com\/avatar\/c6e02b3abd4a8f0a75e24c86ecaabcdaa2d7592fa3acf02fe8ec23363f802771?s=96&d=mm&r=g","contentUrl":"https:\/\/secure.gravatar.com\/avatar\/c6e02b3abd4a8f0a75e24c86ecaabcdaa2d7592fa3acf02fe8ec23363f802771?s=96&d=mm&r=g","caption":"BudiSiguran blog"},"sameAs":["https:\/\/budisiguran.com.hr"],"url":"https:\/\/budisiguran.com.hr\/index.php\/author\/budisigu\/"}]}},"jetpack_featured_media_url":"https:\/\/budisiguran.com.hr\/wp-content\/uploads\/2026\/09\/900-x-600-prijava-stete-od-nezgode-.jpg","_links":{"self":[{"href":"https:\/\/budisiguran.com.hr\/index.php\/wp-json\/wp\/v2\/posts\/303","targetHints":{"allow":["GET"]}}],"collection":[{"href":"https:\/\/budisiguran.com.hr\/index.php\/wp-json\/wp\/v2\/posts"}],"about":[{"href":"https:\/\/budisiguran.com.hr\/index.php\/wp-json\/wp\/v2\/types\/post"}],"author":[{"embeddable":true,"href":"https:\/\/budisiguran.com.hr\/index.php\/wp-json\/wp\/v2\/users\/1"}],"replies":[{"embeddable":true,"href":"https:\/\/budisiguran.com.hr\/index.php\/wp-json\/wp\/v2\/comments?post=303"}],"version-history":[{"count":2,"href":"https:\/\/budisiguran.com.hr\/index.php\/wp-json\/wp\/v2\/posts\/303\/revisions"}],"predecessor-version":[{"id":306,"href":"https:\/\/budisiguran.com.hr\/index.php\/wp-json\/wp\/v2\/posts\/303\/revisions\/306"}],"wp:featuredmedia":[{"embeddable":true,"href":"https:\/\/budisiguran.com.hr\/index.php\/wp-json\/wp\/v2\/media\/304"}],"wp:attachment":[{"href":"https:\/\/budisiguran.com.hr\/index.php\/wp-json\/wp\/v2\/media?parent=303"}],"wp:term":[{"taxonomy":"category","embeddable":true,"href":"https:\/\/budisiguran.com.hr\/index.php\/wp-json\/wp\/v2\/categories?post=303"},{"taxonomy":"post_tag","embeddable":true,"href":"https:\/\/budisiguran.com.hr\/index.php\/wp-json\/wp\/v2\/tags?post=303"}],"curies":[{"name":"wp","href":"https:\/\/api.w.org\/{rel}","templated":true}]}}